{"id":270,"date":"2023-05-27T15:48:58","date_gmt":"2023-05-27T13:48:58","guid":{"rendered":"https:\/\/fabianvinke.com\/?p=270"},"modified":"2024-05-13T21:28:27","modified_gmt":"2024-05-13T19:28:27","slug":"living-in-the-landscape-ein-konzept-fuer-eine-urhuette","status":"publish","type":"post","link":"https:\/\/fabianvinke.com\/architektur\/living-in-the-landscape-ein-konzept-fuer-eine-urhuette\/","title":{"rendered":"&#8222;Living in the Landscape&#8220;:                                               Ein Konzept f\u00fcr eine Urh\u00fctte"},"content":{"rendered":"\n<figure class=\"wp-block-image alignwide size-full\"><img data-recalc-dims=\"1\" loading=\"lazy\" decoding=\"async\" width=\"2560\" height=\"1979\" src=\"https:\/\/i0.wp.com\/fabianvinke.com\/architektur\/wp-content\/uploads\/2024\/05\/Fabian-Vinke-U5-1-8-scaled.jpg?resize=2560%2C1979&#038;ssl=1\" alt=\"\" class=\"wp-image-303\" srcset=\"https:\/\/i0.wp.com\/fabianvinke.com\/architektur\/wp-content\/uploads\/2024\/05\/Fabian-Vinke-U5-1-8-scaled.jpg?w=2560&amp;ssl=1 2560w, https:\/\/i0.wp.com\/fabianvinke.com\/architektur\/wp-content\/uploads\/2024\/05\/Fabian-Vinke-U5-1-8-scaled.jpg?resize=300%2C232&amp;ssl=1 300w, https:\/\/i0.wp.com\/fabianvinke.com\/architektur\/wp-content\/uploads\/2024\/05\/Fabian-Vinke-U5-1-8-scaled.jpg?resize=1024%2C792&amp;ssl=1 1024w, https:\/\/i0.wp.com\/fabianvinke.com\/architektur\/wp-content\/uploads\/2024\/05\/Fabian-Vinke-U5-1-8-scaled.jpg?resize=768%2C594&amp;ssl=1 768w, https:\/\/i0.wp.com\/fabianvinke.com\/architektur\/wp-content\/uploads\/2024\/05\/Fabian-Vinke-U5-1-8-scaled.jpg?resize=1536%2C1187&amp;ssl=1 1536w, https:\/\/i0.wp.com\/fabianvinke.com\/architektur\/wp-content\/uploads\/2024\/05\/Fabian-Vinke-U5-1-8-scaled.jpg?resize=2048%2C1583&amp;ssl=1 2048w\" sizes=\"auto, (max-width: 1000px) 100vw, 1000px\" \/><\/figure>\n\n\n\n<figure class=\"wp-block-gallery alignwide has-nested-images columns-1 is-cropped wp-block-gallery-2 is-layout-flex wp-block-gallery-is-layout-flex\">\n<figure class=\"wp-block-image size-full\"><img data-recalc-dims=\"1\" loading=\"lazy\" decoding=\"async\" width=\"2560\" height=\"1979\" data-id=\"300\" src=\"https:\/\/i0.wp.com\/fabianvinke.com\/architektur\/wp-content\/uploads\/2024\/05\/Fabian-Vinke-U5-3-6-scaled.jpg?resize=2560%2C1979&#038;ssl=1\" alt=\"\" class=\"wp-image-300\" srcset=\"https:\/\/i0.wp.com\/fabianvinke.com\/architektur\/wp-content\/uploads\/2024\/05\/Fabian-Vinke-U5-3-6-scaled.jpg?w=2560&amp;ssl=1 2560w, https:\/\/i0.wp.com\/fabianvinke.com\/architektur\/wp-content\/uploads\/2024\/05\/Fabian-Vinke-U5-3-6-scaled.jpg?resize=300%2C232&amp;ssl=1 300w, https:\/\/i0.wp.com\/fabianvinke.com\/architektur\/wp-content\/uploads\/2024\/05\/Fabian-Vinke-U5-3-6-scaled.jpg?resize=1024%2C792&amp;ssl=1 1024w, https:\/\/i0.wp.com\/fabianvinke.com\/architektur\/wp-content\/uploads\/2024\/05\/Fabian-Vinke-U5-3-6-scaled.jpg?resize=768%2C594&amp;ssl=1 768w, https:\/\/i0.wp.com\/fabianvinke.com\/architektur\/wp-content\/uploads\/2024\/05\/Fabian-Vinke-U5-3-6-scaled.jpg?resize=1536%2C1187&amp;ssl=1 1536w, https:\/\/i0.wp.com\/fabianvinke.com\/architektur\/wp-content\/uploads\/2024\/05\/Fabian-Vinke-U5-3-6-scaled.jpg?resize=2048%2C1583&amp;ssl=1 2048w\" sizes=\"auto, (max-width: 1000px) 100vw, 1000px\" \/><\/figure>\n\n\n\n<figure class=\"wp-block-image size-full\"><img data-recalc-dims=\"1\" loading=\"lazy\" decoding=\"async\" width=\"2560\" height=\"1737\" data-id=\"302\" src=\"https:\/\/i0.wp.com\/fabianvinke.com\/architektur\/wp-content\/uploads\/2024\/05\/Fabian-Vinke-U5-4-12-scaled.jpg?resize=2560%2C1737&#038;ssl=1\" alt=\"\" class=\"wp-image-302\" srcset=\"https:\/\/i0.wp.com\/fabianvinke.com\/architektur\/wp-content\/uploads\/2024\/05\/Fabian-Vinke-U5-4-12-scaled.jpg?w=2560&amp;ssl=1 2560w, https:\/\/i0.wp.com\/fabianvinke.com\/architektur\/wp-content\/uploads\/2024\/05\/Fabian-Vinke-U5-4-12-scaled.jpg?resize=300%2C204&amp;ssl=1 300w, https:\/\/i0.wp.com\/fabianvinke.com\/architektur\/wp-content\/uploads\/2024\/05\/Fabian-Vinke-U5-4-12-scaled.jpg?resize=1024%2C695&amp;ssl=1 1024w, https:\/\/i0.wp.com\/fabianvinke.com\/architektur\/wp-content\/uploads\/2024\/05\/Fabian-Vinke-U5-4-12-scaled.jpg?resize=768%2C521&amp;ssl=1 768w, https:\/\/i0.wp.com\/fabianvinke.com\/architektur\/wp-content\/uploads\/2024\/05\/Fabian-Vinke-U5-4-12-scaled.jpg?resize=1536%2C1042&amp;ssl=1 1536w, https:\/\/i0.wp.com\/fabianvinke.com\/architektur\/wp-content\/uploads\/2024\/05\/Fabian-Vinke-U5-4-12-scaled.jpg?resize=2048%2C1390&amp;ssl=1 2048w\" sizes=\"auto, (max-width: 1000px) 100vw, 1000px\" \/><\/figure>\n\n\n\n<figure class=\"wp-block-image size-full\"><img data-recalc-dims=\"1\" loading=\"lazy\" decoding=\"async\" width=\"2560\" height=\"1979\" data-id=\"301\" src=\"https:\/\/i0.wp.com\/fabianvinke.com\/architektur\/wp-content\/uploads\/2024\/05\/Fabian-Vinke-U5-2-3-scaled.jpg?resize=2560%2C1979&#038;ssl=1\" alt=\"\" class=\"wp-image-301\" srcset=\"https:\/\/i0.wp.com\/fabianvinke.com\/architektur\/wp-content\/uploads\/2024\/05\/Fabian-Vinke-U5-2-3-scaled.jpg?w=2560&amp;ssl=1 2560w, https:\/\/i0.wp.com\/fabianvinke.com\/architektur\/wp-content\/uploads\/2024\/05\/Fabian-Vinke-U5-2-3-scaled.jpg?resize=300%2C232&amp;ssl=1 300w, https:\/\/i0.wp.com\/fabianvinke.com\/architektur\/wp-content\/uploads\/2024\/05\/Fabian-Vinke-U5-2-3-scaled.jpg?resize=1024%2C792&amp;ssl=1 1024w, https:\/\/i0.wp.com\/fabianvinke.com\/architektur\/wp-content\/uploads\/2024\/05\/Fabian-Vinke-U5-2-3-scaled.jpg?resize=768%2C594&amp;ssl=1 768w, https:\/\/i0.wp.com\/fabianvinke.com\/architektur\/wp-content\/uploads\/2024\/05\/Fabian-Vinke-U5-2-3-scaled.jpg?resize=1536%2C1187&amp;ssl=1 1536w, https:\/\/i0.wp.com\/fabianvinke.com\/architektur\/wp-content\/uploads\/2024\/05\/Fabian-Vinke-U5-2-3-scaled.jpg?resize=2048%2C1583&amp;ssl=1 2048w\" sizes=\"auto, (max-width: 1000px) 100vw, 1000px\" \/><\/figure>\n<\/figure>\n","protected":false},"excerpt":{"rendered":"<p>Dieses Haus geh\u00f6rt einem Schreiner und sitzt mitten im Wald. Es besteht aus 2 Zimmern und einer Terrasse zum Erholen. Im Erdgeschoss ist eine kleine Werkstatt, wo der Schreiner<br \/>\ntags\u00fcber arbeitet. Im oberen Zimmer kann er sich dann abends zur\u00fcckziehen und durch das Gro\u00dfe Fenster den Sonnenuntergang genie\u00dfen. Es f\u00e4llt ihm einfach seine Arbeit und seine Freizeit zu Trennen da diese r\u00e4umlich getrennt sind. Die Terrasse ist durch das Dach zur H\u00e4lfte mit schatten besetzt. Die 3 Hauptfunktionen dieses Hauses sind schlafen, arbeiten (Werkstatt). Entspannen\/Sonnen (Terasse)<\/p>\n","protected":false},"author":1,"featured_media":303,"comment_status":"open","ping_status":"open","sticky":false,"template":"","format":"standard","meta":{"_EventAllDay":false,"_EventTimezone":"","_EventStartDate":"","_EventEndDate":"","_EventStartDateUTC":"","_EventEndDateUTC":"","_EventShowMap":false,"_EventShowMapLink":false,"_EventURL":"","_EventCost":"","_EventCostDescription":"","_EventCurrencySymbol":"","_EventCurrencyCode":"","_EventCurrencyPosition":"","_EventDateTimeSeparator":"","_EventTimeRangeSeparator":"","_EventOrganizerID":[],"_EventVenueID":[],"_OrganizerEmail":"","_OrganizerPhone":"","_OrganizerWebsite":"","_VenueAddress":"","_VenueCity":"","_VenueCountry":"","_VenueProvince":"","_VenueState":"","_VenueZip":"","_VenuePhone":"","_VenueURL":"","_VenueStateProvince":"","_VenueLat":"","_VenueLng":"","_VenueShowMap":false,"_VenueShowMapLink":false,"_jetpack_newsletter_access":"","_jetpack_dont_email_post_to_subs":false,"_jetpack_newsletter_tier_id":0,"_jetpack_memberships_contains_paywalled_content":false,"_jetpack_feature_clip_id":0,"_jetpack_memberships_contains_paid_content":false,"footnotes":"","jetpack_post_was_ever_published":false},"categories":[8],"tags":[],"class_list":["post-270","post","type-post","status-publish","format-standard","has-post-thumbnail","hentry","category-architecture"],"yoast_head":"<!-- This site is optimized with the Yoast SEO plugin v28.4 - https:\/\/yoast.com\/product\/yoast-seo-wordpress\/ -->\n<title>&quot;Living in the Landscape&quot;:                        Ein Konzept f\u00fcr eine Urh\u00fctte - Fabian Vinke<\/title>\n<meta name=\"robots\" content=\"index, follow, max-snippet:-1, max-image-preview:large, max-video-preview:-1\" \/>\n<link rel=\"canonical\" href=\"https:\/\/fabianvinke.com\/architektur\/living-in-the-landscape-ein-konzept-fuer-eine-urhuette\/\" \/>\n<meta property=\"og:locale\" content=\"de_DE\" \/>\n<meta property=\"og:type\" content=\"article\" \/>\n<meta property=\"og:title\" content=\"&quot;Living in the Landscape&quot;:                        Ein Konzept f\u00fcr eine Urh\u00fctte - Fabian Vinke\" \/>\n<meta property=\"og:description\" content=\"Dieses Haus geh\u00f6rt einem Schreiner und sitzt mitten im Wald. Es besteht aus 2 Zimmern und einer Terrasse zum Erholen. Im Erdgeschoss ist eine kleine Werkstatt, wo der Schreiner tags\u00fcber arbeitet. Im oberen Zimmer kann er sich dann abends zur\u00fcckziehen und durch das Gro\u00dfe Fenster den Sonnenuntergang genie\u00dfen. Es f\u00e4llt ihm einfach seine Arbeit und seine Freizeit zu Trennen da diese r\u00e4umlich getrennt sind. Die Terrasse ist durch das Dach zur H\u00e4lfte mit schatten besetzt. Die 3 Hauptfunktionen dieses Hauses sind schlafen, arbeiten (Werkstatt). Entspannen\/Sonnen (Terasse)\" \/>\n<meta property=\"og:url\" content=\"https:\/\/fabianvinke.com\/architektur\/living-in-the-landscape-ein-konzept-fuer-eine-urhuette\/\" \/>\n<meta property=\"og:site_name\" content=\"Fabian Vinke\" \/>\n<meta property=\"article:published_time\" content=\"2023-05-27T13:48:58+00:00\" \/>\n<meta property=\"article:modified_time\" content=\"2024-05-13T19:28:27+00:00\" \/>\n<meta property=\"og:image\" content=\"https:\/\/fabianvinke.com\/architektur\/wp-content\/uploads\/2024\/05\/Fabian-Vinke-U5-1-8-scaled.jpg\" \/>\n\t<meta property=\"og:image:width\" content=\"2560\" \/>\n\t<meta property=\"og:image:height\" content=\"1979\" \/>\n\t<meta property=\"og:image:type\" content=\"image\/jpeg\" \/>\n<meta name=\"author\" content=\"Fabian\" \/>\n<meta name=\"twitter:card\" content=\"summary_large_image\" \/>\n<meta name=\"twitter:label1\" content=\"Verfasst von\" \/>\n\t<meta name=\"twitter:data1\" content=\"Fabian\" \/>\n\t<meta name=\"twitter:label2\" content=\"Gesch\u00e4tzte Lesezeit\" \/>\n\t<meta name=\"twitter:data2\" content=\"1\u00a0Minute\" \/>\n<script type=\"application\/ld+json\" class=\"yoast-schema-graph\">{\"@context\":\"https:\\\/\\\/schema.org\",\"@graph\":[{\"@type\":\"Article\",\"@id\":\"https:\\\/\\\/fabianvinke.com\\\/architektur\\\/living-in-the-landscape-ein-konzept-fuer-eine-urhuette\\\/#article\",\"isPartOf\":{\"@id\":\"https:\\\/\\\/fabianvinke.com\\\/architektur\\\/living-in-the-landscape-ein-konzept-fuer-eine-urhuette\\\/\"},\"author\":{\"name\":\"Fabian\",\"@id\":\"https:\\\/\\\/fabianvinke.com\\\/architektur\\\/#\\\/schema\\\/person\\\/2816b7d60577ce6d8efde484ce234610\"},\"headline\":\"&#8222;Living in the Landscape&#8220;: Ein Konzept f\u00fcr eine Urh\u00fctte\",\"datePublished\":\"2023-05-27T13:48:58+00:00\",\"dateModified\":\"2024-05-13T19:28:27+00:00\",\"mainEntityOfPage\":{\"@id\":\"https:\\\/\\\/fabianvinke.com\\\/architektur\\\/living-in-the-landscape-ein-konzept-fuer-eine-urhuette\\\/\"},\"wordCount\":11,\"commentCount\":0,\"publisher\":{\"@id\":\"https:\\\/\\\/fabianvinke.com\\\/architektur\\\/#\\\/schema\\\/person\\\/2816b7d60577ce6d8efde484ce234610\"},\"image\":{\"@id\":\"https:\\\/\\\/fabianvinke.com\\\/architektur\\\/living-in-the-landscape-ein-konzept-fuer-eine-urhuette\\\/#primaryimage\"},\"thumbnailUrl\":\"https:\\\/\\\/i0.wp.com\\\/fabianvinke.com\\\/architektur\\\/wp-content\\\/uploads\\\/2024\\\/05\\\/Fabian-Vinke-U5-1-8-scaled.jpg?fit=2560%2C1979&ssl=1\",\"articleSection\":[\"Architecture\"],\"inLanguage\":\"de\",\"potentialAction\":[{\"@type\":\"CommentAction\",\"name\":\"Comment\",\"target\":[\"https:\\\/\\\/fabianvinke.com\\\/architektur\\\/living-in-the-landscape-ein-konzept-fuer-eine-urhuette\\\/#respond\"]}]},{\"@type\":\"WebPage\",\"@id\":\"https:\\\/\\\/fabianvinke.com\\\/architektur\\\/living-in-the-landscape-ein-konzept-fuer-eine-urhuette\\\/\",\"url\":\"https:\\\/\\\/fabianvinke.com\\\/architektur\\\/living-in-the-landscape-ein-konzept-fuer-eine-urhuette\\\/\",\"name\":\"\\\"Living in the Landscape\\\": Ein Konzept f\u00fcr eine Urh\u00fctte - Fabian Vinke\",\"isPartOf\":{\"@id\":\"https:\\\/\\\/fabianvinke.com\\\/architektur\\\/#website\"},\"primaryImageOfPage\":{\"@id\":\"https:\\\/\\\/fabianvinke.com\\\/architektur\\\/living-in-the-landscape-ein-konzept-fuer-eine-urhuette\\\/#primaryimage\"},\"image\":{\"@id\":\"https:\\\/\\\/fabianvinke.com\\\/architektur\\\/living-in-the-landscape-ein-konzept-fuer-eine-urhuette\\\/#primaryimage\"},\"thumbnailUrl\":\"https:\\\/\\\/i0.wp.com\\\/fabianvinke.com\\\/architektur\\\/wp-content\\\/uploads\\\/2024\\\/05\\\/Fabian-Vinke-U5-1-8-scaled.jpg?fit=2560%2C1979&ssl=1\",\"datePublished\":\"2023-05-27T13:48:58+00:00\",\"dateModified\":\"2024-05-13T19:28:27+00:00\",\"breadcrumb\":{\"@id\":\"https:\\\/\\\/fabianvinke.com\\\/architektur\\\/living-in-the-landscape-ein-konzept-fuer-eine-urhuette\\\/#breadcrumb\"},\"inLanguage\":\"de\",\"potentialAction\":[{\"@type\":\"ReadAction\",\"target\":[\"https:\\\/\\\/fabianvinke.com\\\/architektur\\\/living-in-the-landscape-ein-konzept-fuer-eine-urhuette\\\/\"]}]},{\"@type\":\"ImageObject\",\"inLanguage\":\"de\",\"@id\":\"https:\\\/\\\/fabianvinke.com\\\/architektur\\\/living-in-the-landscape-ein-konzept-fuer-eine-urhuette\\\/#primaryimage\",\"url\":\"https:\\\/\\\/i0.wp.com\\\/fabianvinke.com\\\/architektur\\\/wp-content\\\/uploads\\\/2024\\\/05\\\/Fabian-Vinke-U5-1-8-scaled.jpg?fit=2560%2C1979&ssl=1\",\"contentUrl\":\"https:\\\/\\\/i0.wp.com\\\/fabianvinke.com\\\/architektur\\\/wp-content\\\/uploads\\\/2024\\\/05\\\/Fabian-Vinke-U5-1-8-scaled.jpg?fit=2560%2C1979&ssl=1\",\"width\":2560,\"height\":1979},{\"@type\":\"BreadcrumbList\",\"@id\":\"https:\\\/\\\/fabianvinke.com\\\/architektur\\\/living-in-the-landscape-ein-konzept-fuer-eine-urhuette\\\/#breadcrumb\",\"itemListElement\":[{\"@type\":\"ListItem\",\"position\":1,\"name\":\"Home\",\"item\":\"https:\\\/\\\/fabianvinke.com\\\/architektur\\\/\"},{\"@type\":\"ListItem\",\"position\":2,\"name\":\"&#8222;Living in the Landscape&#8220;: Ein Konzept f\u00fcr eine Urh\u00fctte\"}]},{\"@type\":\"WebSite\",\"@id\":\"https:\\\/\\\/fabianvinke.com\\\/architektur\\\/#website\",\"url\":\"https:\\\/\\\/fabianvinke.com\\\/architektur\\\/\",\"name\":\"Fabian Vinke\",\"description\":\"\",\"publisher\":{\"@id\":\"https:\\\/\\\/fabianvinke.com\\\/architektur\\\/#\\\/schema\\\/person\\\/2816b7d60577ce6d8efde484ce234610\"},\"potentialAction\":[{\"@type\":\"SearchAction\",\"target\":{\"@type\":\"EntryPoint\",\"urlTemplate\":\"https:\\\/\\\/fabianvinke.com\\\/architektur\\\/?s={search_term_string}\"},\"query-input\":{\"@type\":\"PropertyValueSpecification\",\"valueRequired\":true,\"valueName\":\"search_term_string\"}}],\"inLanguage\":\"de\"},{\"@type\":[\"Person\",\"Organization\"],\"@id\":\"https:\\\/\\\/fabianvinke.com\\\/architektur\\\/#\\\/schema\\\/person\\\/2816b7d60577ce6d8efde484ce234610\",\"name\":\"Fabian\",\"image\":{\"@type\":\"ImageObject\",\"inLanguage\":\"de\",\"@id\":\"https:\\\/\\\/i0.wp.com\\\/fabianvinke.com\\\/architektur\\\/wp-content\\\/uploads\\\/2024\\\/04\\\/logo_fv_gold.png?fit=2048%2C2048&ssl=1\",\"url\":\"https:\\\/\\\/i0.wp.com\\\/fabianvinke.com\\\/architektur\\\/wp-content\\\/uploads\\\/2024\\\/04\\\/logo_fv_gold.png?fit=2048%2C2048&ssl=1\",\"contentUrl\":\"https:\\\/\\\/i0.wp.com\\\/fabianvinke.com\\\/architektur\\\/wp-content\\\/uploads\\\/2024\\\/04\\\/logo_fv_gold.png?fit=2048%2C2048&ssl=1\",\"width\":2048,\"height\":2048,\"caption\":\"Fabian\"},\"logo\":{\"@id\":\"https:\\\/\\\/i0.wp.com\\\/fabianvinke.com\\\/architektur\\\/wp-content\\\/uploads\\\/2024\\\/04\\\/logo_fv_gold.png?fit=2048%2C2048&ssl=1\"},\"sameAs\":[\"https:\\\/\\\/fabianvinke.com\\\/architektur\"],\"url\":\"https:\\\/\\\/fabianvinke.com\\\/architektur\\\/author\\\/admin\\\/\"}]}<\/script>\n<!-- \/ Yoast SEO plugin. -->","yoast_head_json":{"title":"\"Living in the Landscape\":                        Ein Konzept f\u00fcr eine Urh\u00fctte - Fabian Vinke","robots":{"index":"index","follow":"follow","max-snippet":"max-snippet:-1","max-image-preview":"max-image-preview:large","max-video-preview":"max-video-preview:-1"},"canonical":"https:\/\/fabianvinke.com\/architektur\/living-in-the-landscape-ein-konzept-fuer-eine-urhuette\/","og_locale":"de_DE","og_type":"article","og_title":"\"Living in the Landscape\":                        Ein Konzept f\u00fcr eine Urh\u00fctte - Fabian Vinke","og_description":"Dieses Haus geh\u00f6rt einem Schreiner und sitzt mitten im Wald. Es besteht aus 2 Zimmern und einer Terrasse zum Erholen. Im Erdgeschoss ist eine kleine Werkstatt, wo der Schreiner tags\u00fcber arbeitet. Im oberen Zimmer kann er sich dann abends zur\u00fcckziehen und durch das Gro\u00dfe Fenster den Sonnenuntergang genie\u00dfen. Es f\u00e4llt ihm einfach seine Arbeit und seine Freizeit zu Trennen da diese r\u00e4umlich getrennt sind. Die Terrasse ist durch das Dach zur H\u00e4lfte mit schatten besetzt. Die 3 Hauptfunktionen dieses Hauses sind schlafen, arbeiten (Werkstatt). Entspannen\/Sonnen (Terasse)","og_url":"https:\/\/fabianvinke.com\/architektur\/living-in-the-landscape-ein-konzept-fuer-eine-urhuette\/","og_site_name":"Fabian Vinke","article_published_time":"2023-05-27T13:48:58+00:00","article_modified_time":"2024-05-13T19:28:27+00:00","og_image":[{"width":2560,"height":1979,"url":"https:\/\/fabianvinke.com\/architektur\/wp-content\/uploads\/2024\/05\/Fabian-Vinke-U5-1-8-scaled.jpg","type":"image\/jpeg"}],"author":"Fabian","twitter_card":"summary_large_image","twitter_misc":{"Verfasst von":"Fabian","Gesch\u00e4tzte Lesezeit":"1\u00a0Minute"},"schema":{"@context":"https:\/\/schema.org","@graph":[{"@type":"Article","@id":"https:\/\/fabianvinke.com\/architektur\/living-in-the-landscape-ein-konzept-fuer-eine-urhuette\/#article","isPartOf":{"@id":"https:\/\/fabianvinke.com\/architektur\/living-in-the-landscape-ein-konzept-fuer-eine-urhuette\/"},"author":{"name":"Fabian","@id":"https:\/\/fabianvinke.com\/architektur\/#\/schema\/person\/2816b7d60577ce6d8efde484ce234610"},"headline":"&#8222;Living in the Landscape&#8220;: Ein Konzept f\u00fcr eine Urh\u00fctte","datePublished":"2023-05-27T13:48:58+00:00","dateModified":"2024-05-13T19:28:27+00:00","mainEntityOfPage":{"@id":"https:\/\/fabianvinke.com\/architektur\/living-in-the-landscape-ein-konzept-fuer-eine-urhuette\/"},"wordCount":11,"commentCount":0,"publisher":{"@id":"https:\/\/fabianvinke.com\/architektur\/#\/schema\/person\/2816b7d60577ce6d8efde484ce234610"},"image":{"@id":"https:\/\/fabianvinke.com\/architektur\/living-in-the-landscape-ein-konzept-fuer-eine-urhuette\/#primaryimage"},"thumbnailUrl":"https:\/\/i0.wp.com\/fabianvinke.com\/architektur\/wp-content\/uploads\/2024\/05\/Fabian-Vinke-U5-1-8-scaled.jpg?fit=2560%2C1979&ssl=1","articleSection":["Architecture"],"inLanguage":"de","potentialAction":[{"@type":"CommentAction","name":"Comment","target":["https:\/\/fabianvinke.com\/architektur\/living-in-the-landscape-ein-konzept-fuer-eine-urhuette\/#respond"]}]},{"@type":"WebPage","@id":"https:\/\/fabianvinke.com\/architektur\/living-in-the-landscape-ein-konzept-fuer-eine-urhuette\/","url":"https:\/\/fabianvinke.com\/architektur\/living-in-the-landscape-ein-konzept-fuer-eine-urhuette\/","name":"\"Living in the Landscape\": Ein Konzept f\u00fcr eine Urh\u00fctte - Fabian Vinke","isPartOf":{"@id":"https:\/\/fabianvinke.com\/architektur\/#website"},"primaryImageOfPage":{"@id":"https:\/\/fabianvinke.com\/architektur\/living-in-the-landscape-ein-konzept-fuer-eine-urhuette\/#primaryimage"},"image":{"@id":"https:\/\/fabianvinke.com\/architektur\/living-in-the-landscape-ein-konzept-fuer-eine-urhuette\/#primaryimage"},"thumbnailUrl":"https:\/\/i0.wp.com\/fabianvinke.com\/architektur\/wp-content\/uploads\/2024\/05\/Fabian-Vinke-U5-1-8-scaled.jpg?fit=2560%2C1979&ssl=1","datePublished":"2023-05-27T13:48:58+00:00","dateModified":"2024-05-13T19:28:27+00:00","breadcrumb":{"@id":"https:\/\/fabianvinke.com\/architektur\/living-in-the-landscape-ein-konzept-fuer-eine-urhuette\/#breadcrumb"},"inLanguage":"de","potentialAction":[{"@type":"ReadAction","target":["https:\/\/fabianvinke.com\/architektur\/living-in-the-landscape-ein-konzept-fuer-eine-urhuette\/"]}]},{"@type":"ImageObject","inLanguage":"de","@id":"https:\/\/fabianvinke.com\/architektur\/living-in-the-landscape-ein-konzept-fuer-eine-urhuette\/#primaryimage","url":"https:\/\/i0.wp.com\/fabianvinke.com\/architektur\/wp-content\/uploads\/2024\/05\/Fabian-Vinke-U5-1-8-scaled.jpg?fit=2560%2C1979&ssl=1","contentUrl":"https:\/\/i0.wp.com\/fabianvinke.com\/architektur\/wp-content\/uploads\/2024\/05\/Fabian-Vinke-U5-1-8-scaled.jpg?fit=2560%2C1979&ssl=1","width":2560,"height":1979},{"@type":"BreadcrumbList","@id":"https:\/\/fabianvinke.com\/architektur\/living-in-the-landscape-ein-konzept-fuer-eine-urhuette\/#breadcrumb","itemListElement":[{"@type":"ListItem","position":1,"name":"Home","item":"https:\/\/fabianvinke.com\/architektur\/"},{"@type":"ListItem","position":2,"name":"&#8222;Living in the Landscape&#8220;: Ein Konzept f\u00fcr eine Urh\u00fctte"}]},{"@type":"WebSite","@id":"https:\/\/fabianvinke.com\/architektur\/#website","url":"https:\/\/fabianvinke.com\/architektur\/","name":"Fabian Vinke","description":"","publisher":{"@id":"https:\/\/fabianvinke.com\/architektur\/#\/schema\/person\/2816b7d60577ce6d8efde484ce234610"},"potentialAction":[{"@type":"SearchAction","target":{"@type":"EntryPoint","urlTemplate":"https:\/\/fabianvinke.com\/architektur\/?s={search_term_string}"},"query-input":{"@type":"PropertyValueSpecification","valueRequired":true,"valueName":"search_term_string"}}],"inLanguage":"de"},{"@type":["Person","Organization"],"@id":"https:\/\/fabianvinke.com\/architektur\/#\/schema\/person\/2816b7d60577ce6d8efde484ce234610","name":"Fabian","image":{"@type":"ImageObject","inLanguage":"de","@id":"https:\/\/i0.wp.com\/fabianvinke.com\/architektur\/wp-content\/uploads\/2024\/04\/logo_fv_gold.png?fit=2048%2C2048&ssl=1","url":"https:\/\/i0.wp.com\/fabianvinke.com\/architektur\/wp-content\/uploads\/2024\/04\/logo_fv_gold.png?fit=2048%2C2048&ssl=1","contentUrl":"https:\/\/i0.wp.com\/fabianvinke.com\/architektur\/wp-content\/uploads\/2024\/04\/logo_fv_gold.png?fit=2048%2C2048&ssl=1","width":2048,"height":2048,"caption":"Fabian"},"logo":{"@id":"https:\/\/i0.wp.com\/fabianvinke.com\/architektur\/wp-content\/uploads\/2024\/04\/logo_fv_gold.png?fit=2048%2C2048&ssl=1"},"sameAs":["https:\/\/fabianvinke.com\/architektur"],"url":"https:\/\/fabianvinke.com\/architektur\/author\/admin\/"}]}},"jetpack_sharing_enabled":true,"jetpack_featured_media_url":"https:\/\/i0.wp.com\/fabianvinke.com\/architektur\/wp-content\/uploads\/2024\/05\/Fabian-Vinke-U5-1-8-scaled.jpg?fit=2560%2C1979&ssl=1","_links":{"self":[{"href":"https:\/\/fabianvinke.com\/architektur\/wp-json\/wp\/v2\/posts\/270","targetHints":{"allow":["GET"]}}],"collection":[{"href":"https:\/\/fabianvinke.com\/architektur\/wp-json\/wp\/v2\/posts"}],"about":[{"href":"https:\/\/fabianvinke.com\/architektur\/wp-json\/wp\/v2\/types\/post"}],"author":[{"embeddable":true,"href":"https:\/\/fabianvinke.com\/architektur\/wp-json\/wp\/v2\/users\/1"}],"replies":[{"embeddable":true,"href":"https:\/\/fabianvinke.com\/architektur\/wp-json\/wp\/v2\/comments?post=270"}],"version-history":[{"count":3,"href":"https:\/\/fabianvinke.com\/architektur\/wp-json\/wp\/v2\/posts\/270\/revisions"}],"predecessor-version":[{"id":365,"href":"https:\/\/fabianvinke.com\/architektur\/wp-json\/wp\/v2\/posts\/270\/revisions\/365"}],"wp:featuredmedia":[{"embeddable":true,"href":"https:\/\/fabianvinke.com\/architektur\/wp-json\/wp\/v2\/media\/303"}],"wp:attachment":[{"href":"https:\/\/fabianvinke.com\/architektur\/wp-json\/wp\/v2\/media?parent=270"}],"wp:term":[{"taxonomy":"category","embeddable":true,"href":"https:\/\/fabianvinke.com\/architektur\/wp-json\/wp\/v2\/categories?post=270"},{"taxonomy":"post_tag","embeddable":true,"href":"https:\/\/fabianvinke.com\/architektur\/wp-json\/wp\/v2\/tags?post=270"}],"curies":[{"name":"wp","href":"https:\/\/api.w.org\/{rel}","templated":true}]}}