{"id":333,"date":"2024-05-13T16:55:36","date_gmt":"2024-05-13T14:55:36","guid":{"rendered":"https:\/\/fabianvinke.com\/?p=333"},"modified":"2024-05-13T17:36:53","modified_gmt":"2024-05-13T15:36:53","slug":"333-2","status":"publish","type":"post","link":"https:\/\/fabianvinke.com\/architektur\/333-2\/","title":{"rendered":"Barcelona Pavillion"},"content":{"rendered":"\n<div class=\"wp-block-group alignfull has-accent-4-background-color has-background is-layout-flow wp-block-group-is-layout-flow\" style=\"padding-top:6vw;padding-right:6vw;padding-bottom:6vw;padding-left:6vw\">\n<div class=\"wp-block-group is-vertical is-nowrap is-layout-flex wp-container-core-group-is-layout-90655181 wp-block-group-is-layout-flex\" style=\"padding-right:0;padding-left:0\">\n<h6 class=\"wp-block-heading has-text-color\" id=\"ecosystem\" style=\"color:#000000;font-size:clamp(14px, 0.875rem + ((1vw - 3.2px) * 0.208), 16px);\">Mies Van der Rohe<\/h6>\n\n\n\n<p class=\"has-text-color wp-block-paragraph\" style=\"color:#000000;font-size:6vw;font-style:normal;font-weight:700;letter-spacing:0px;line-height:0.9;text-decoration:none;text-transform:none\">Barcelona Pavillion<\/p>\n<\/div>\n\n\n\n<div style=\"height:1vw\" aria-hidden=\"true\" class=\"wp-block-spacer\"><\/div>\n\n\n\n<div class=\"wp-block-group alignwide is-vertical is-nowrap is-layout-flex wp-container-core-group-is-layout-9577cae7 wp-block-group-is-layout-flex\" style=\"padding-top:0;padding-right:0;padding-bottom:0;padding-left:0\">\n<div class=\"wp-block-columns alignwide is-layout-flex wp-container-core-columns-is-layout-8bbdf430 wp-block-columns-is-layout-flex\">\n<div class=\"wp-block-column is-layout-flow wp-block-column-is-layout-flow\" style=\"flex-basis:33.38%\">\n<p class=\"wp-block-paragraph\"><\/p>\n\n\n\n<p class=\"has-medium-font-size wp-block-paragraph\">Der Barcelona Pavillon, entworfen von Ludwig Mies van der Rohe, ist ein Meisterwerk moderner Architektur und wurde urspr\u00fcnglich f\u00fcr die Internationale Ausstellung 1929 in Barcelona, Spanien, erbaut. Dieses ikonische Bauwerk diente als deutscher Pavillon f\u00fcr die Ausstellung und ist ber\u00fchmt f\u00fcr sein revolution\u00e4res Design, das die \u00c4sthetik der Moderne definierte. <\/p>\n\n\n\n<p class=\"has-medium-font-size wp-block-paragraph\">Der Pavillon ist charakterisiert durch seine klare Linienf\u00fchrung, den Einsatz von luxuri\u00f6sen Materialien wie Marmor und Onyx sowie seine offenen R\u00e4ume, die eine flie\u00dfende Interaktion zwischen Innen- und Au\u00dfenbereichen erm\u00f6glichen. Die schlichte Eleganz und die pr\u00e4zise Verarbeitung der Materialien verleihen dem Geb\u00e4ude eine zeitlose Sch\u00f6nheit.<\/p>\n<\/div>\n\n\n\n<div class=\"wp-block-column is-layout-flow wp-block-column-is-layout-flow\" style=\"flex-basis:33%\">\n<div style=\"height:2vw\" aria-hidden=\"true\" class=\"wp-block-spacer\"><\/div>\n\n\n\n<figure class=\"wp-block-image size-large is-style-rounded is-style-rounded--2\"><img data-recalc-dims=\"1\" loading=\"lazy\" decoding=\"async\" width=\"1024\" height=\"576\" src=\"https:\/\/i0.wp.com\/fabianvinke.com\/architektur\/wp-content\/uploads\/2024\/05\/Image2_003-Gross.png?resize=1024%2C576&#038;ssl=1\" alt=\"\" class=\"wp-image-336\" srcset=\"https:\/\/i0.wp.com\/fabianvinke.com\/architektur\/wp-content\/uploads\/2024\/05\/Image2_003-Gross.png?resize=1024%2C576&amp;ssl=1 1024w, https:\/\/i0.wp.com\/fabianvinke.com\/architektur\/wp-content\/uploads\/2024\/05\/Image2_003-Gross.png?resize=300%2C169&amp;ssl=1 300w, https:\/\/i0.wp.com\/fabianvinke.com\/architektur\/wp-content\/uploads\/2024\/05\/Image2_003-Gross.png?resize=768%2C432&amp;ssl=1 768w, https:\/\/i0.wp.com\/fabianvinke.com\/architektur\/wp-content\/uploads\/2024\/05\/Image2_003-Gross.png?resize=1536%2C864&amp;ssl=1 1536w, https:\/\/i0.wp.com\/fabianvinke.com\/architektur\/wp-content\/uploads\/2024\/05\/Image2_003-Gross.png?w=1920&amp;ssl=1 1920w\" sizes=\"auto, (max-width: 1000px) 100vw, 1000px\" \/><\/figure>\n\n\n\n<figure class=\"wp-block-image size-large is-style-rounded is-style-rounded--3\"><img data-recalc-dims=\"1\" loading=\"lazy\" decoding=\"async\" width=\"1024\" height=\"576\" src=\"https:\/\/i0.wp.com\/fabianvinke.com\/architektur\/wp-content\/uploads\/2024\/05\/render-Gross.png?resize=1024%2C576&#038;ssl=1\" alt=\"\" class=\"wp-image-338\" srcset=\"https:\/\/i0.wp.com\/fabianvinke.com\/architektur\/wp-content\/uploads\/2024\/05\/render-Gross.png?resize=1024%2C576&amp;ssl=1 1024w, https:\/\/i0.wp.com\/fabianvinke.com\/architektur\/wp-content\/uploads\/2024\/05\/render-Gross.png?resize=300%2C169&amp;ssl=1 300w, https:\/\/i0.wp.com\/fabianvinke.com\/architektur\/wp-content\/uploads\/2024\/05\/render-Gross.png?resize=768%2C432&amp;ssl=1 768w, https:\/\/i0.wp.com\/fabianvinke.com\/architektur\/wp-content\/uploads\/2024\/05\/render-Gross.png?resize=1536%2C864&amp;ssl=1 1536w, https:\/\/i0.wp.com\/fabianvinke.com\/architektur\/wp-content\/uploads\/2024\/05\/render-Gross.png?w=1920&amp;ssl=1 1920w\" sizes=\"auto, (max-width: 1000px) 100vw, 1000px\" \/><\/figure>\n<\/div>\n\n\n\n<div class=\"wp-block-column is-layout-flow wp-block-column-is-layout-flow\" style=\"padding-top:0;padding-right:0;padding-bottom:0;padding-left:0;flex-basis:33.62%\">\n<figure class=\"wp-block-image size-full is-style-rounded is-style-rounded--4\"><img data-recalc-dims=\"1\" loading=\"lazy\" decoding=\"async\" width=\"1920\" height=\"1080\" src=\"https:\/\/i0.wp.com\/fabianvinke.com\/architektur\/wp-content\/uploads\/2024\/05\/Image2_001-Gross.png?resize=1920%2C1080&#038;ssl=1\" alt=\"\" class=\"wp-image-337\" srcset=\"https:\/\/i0.wp.com\/fabianvinke.com\/architektur\/wp-content\/uploads\/2024\/05\/Image2_001-Gross.png?w=1920&amp;ssl=1 1920w, https:\/\/i0.wp.com\/fabianvinke.com\/architektur\/wp-content\/uploads\/2024\/05\/Image2_001-Gross.png?resize=300%2C169&amp;ssl=1 300w, https:\/\/i0.wp.com\/fabianvinke.com\/architektur\/wp-content\/uploads\/2024\/05\/Image2_001-Gross.png?resize=1024%2C576&amp;ssl=1 1024w, https:\/\/i0.wp.com\/fabianvinke.com\/architektur\/wp-content\/uploads\/2024\/05\/Image2_001-Gross.png?resize=768%2C432&amp;ssl=1 768w, https:\/\/i0.wp.com\/fabianvinke.com\/architektur\/wp-content\/uploads\/2024\/05\/Image2_001-Gross.png?resize=1536%2C864&amp;ssl=1 1536w\" sizes=\"auto, (max-width: 1000px) 100vw, 1000px\" \/><\/figure>\n\n\n\n<figure class=\"wp-block-image size-full is-style-rounded is-style-rounded--5\"><img data-recalc-dims=\"1\" loading=\"lazy\" decoding=\"async\" width=\"1920\" height=\"1080\" src=\"https:\/\/i0.wp.com\/fabianvinke.com\/architektur\/wp-content\/uploads\/2024\/05\/Image2_002-Gross.png?resize=1920%2C1080&#038;ssl=1\" alt=\"\" class=\"wp-image-341\" srcset=\"https:\/\/i0.wp.com\/fabianvinke.com\/architektur\/wp-content\/uploads\/2024\/05\/Image2_002-Gross.png?w=1920&amp;ssl=1 1920w, https:\/\/i0.wp.com\/fabianvinke.com\/architektur\/wp-content\/uploads\/2024\/05\/Image2_002-Gross.png?resize=300%2C169&amp;ssl=1 300w, https:\/\/i0.wp.com\/fabianvinke.com\/architektur\/wp-content\/uploads\/2024\/05\/Image2_002-Gross.png?resize=1024%2C576&amp;ssl=1 1024w, https:\/\/i0.wp.com\/fabianvinke.com\/architektur\/wp-content\/uploads\/2024\/05\/Image2_002-Gross.png?resize=768%2C432&amp;ssl=1 768w, https:\/\/i0.wp.com\/fabianvinke.com\/architektur\/wp-content\/uploads\/2024\/05\/Image2_002-Gross.png?resize=1536%2C864&amp;ssl=1 1536w\" sizes=\"auto, (max-width: 1000px) 100vw, 1000px\" \/><\/figure>\n<\/div>\n<\/div>\n\n\n\n<figure class=\"wp-block-image size-full is-style-default wp-container-content-9cfa9a5a\"><img data-recalc-dims=\"1\" loading=\"lazy\" decoding=\"async\" width=\"1920\" height=\"540\" src=\"https:\/\/i0.wp.com\/fabianvinke.com\/architektur\/wp-content\/uploads\/2024\/05\/Image15-Gross-2.png?resize=1920%2C540&#038;ssl=1\" alt=\"\" class=\"wp-image-350\" style=\"object-fit:cover\" srcset=\"https:\/\/i0.wp.com\/fabianvinke.com\/architektur\/wp-content\/uploads\/2024\/05\/Image15-Gross-2.png?w=1920&amp;ssl=1 1920w, https:\/\/i0.wp.com\/fabianvinke.com\/architektur\/wp-content\/uploads\/2024\/05\/Image15-Gross-2.png?resize=300%2C84&amp;ssl=1 300w, https:\/\/i0.wp.com\/fabianvinke.com\/architektur\/wp-content\/uploads\/2024\/05\/Image15-Gross-2.png?resize=1024%2C288&amp;ssl=1 1024w, https:\/\/i0.wp.com\/fabianvinke.com\/architektur\/wp-content\/uploads\/2024\/05\/Image15-Gross-2.png?resize=768%2C216&amp;ssl=1 768w, https:\/\/i0.wp.com\/fabianvinke.com\/architektur\/wp-content\/uploads\/2024\/05\/Image15-Gross-2.png?resize=1536%2C432&amp;ssl=1 1536w\" sizes=\"auto, (max-width: 1000px) 100vw, 1000px\" \/><\/figure>\n\n\n\n<div class=\"wp-block-columns alignwide is-layout-flex wp-container-core-columns-is-layout-dcc3becf wp-block-columns-is-layout-flex\">\n<div class=\"wp-block-column is-layout-flow wp-block-column-is-layout-flow\" style=\"flex-basis:69%\">\n<div class=\"wp-block-jetpack-tiled-gallery aligncenter\"><div class=\"is-style-rectangular has-rounded-corners-20\"><div class=\"tiled-gallery__gallery\"><div class=\"tiled-gallery__row\"><div class=\"tiled-gallery__col\" style=\"flex-basis:50.00000%\"><figure class=\"tiled-gallery__item\"><img decoding=\"async\" srcset=\"https:\/\/i0.wp.com\/fabianvinke.com\/wp-content\/uploads\/2024\/05\/Image2-Gross-1024x576.png?strip=info&#038;w=600&#038;ssl=1 600w,https:\/\/i0.wp.com\/fabianvinke.com\/wp-content\/uploads\/2024\/05\/Image2-Gross-1024x576.png?strip=info&#038;w=900&#038;ssl=1 900w,https:\/\/i0.wp.com\/fabianvinke.com\/wp-content\/uploads\/2024\/05\/Image2-Gross-1024x576.png?strip=info&#038;w=1024&#038;ssl=1 1024w\" alt=\"\" data-height=\"1080\" data-id=\"342\" data-link=\"https:\/\/fabianvinke.com\/architektur\/333-2\/image2-gross\/\" data-url=\"https:\/\/fabianvinke.com\/architektur\/wp-content\/uploads\/2024\/05\/Image2-Gross-1024x576.png\" data-width=\"1920\" src=\"https:\/\/i0.wp.com\/fabianvinke.com\/wp-content\/uploads\/2024\/05\/Image2-Gross-1024x576.png?ssl=1\" data-amp-layout=\"responsive\"\/><\/figure><\/div><div class=\"tiled-gallery__col\" style=\"flex-basis:50.00000%\"><figure class=\"tiled-gallery__item\"><img decoding=\"async\" srcset=\"https:\/\/i2.wp.com\/fabianvinke.com\/wp-content\/uploads\/2024\/05\/Image3-Gross-1024x576.png?strip=info&#038;w=600&#038;ssl=1 600w,https:\/\/i2.wp.com\/fabianvinke.com\/wp-content\/uploads\/2024\/05\/Image3-Gross-1024x576.png?strip=info&#038;w=900&#038;ssl=1 900w,https:\/\/i2.wp.com\/fabianvinke.com\/wp-content\/uploads\/2024\/05\/Image3-Gross-1024x576.png?strip=info&#038;w=1024&#038;ssl=1 1024w\" alt=\"\" data-height=\"1080\" data-id=\"343\" data-link=\"https:\/\/fabianvinke.com\/architektur\/333-2\/image3-gross\/\" data-url=\"https:\/\/fabianvinke.com\/architektur\/wp-content\/uploads\/2024\/05\/Image3-Gross-1024x576.png\" data-width=\"1920\" src=\"https:\/\/i2.wp.com\/fabianvinke.com\/wp-content\/uploads\/2024\/05\/Image3-Gross-1024x576.png?ssl=1\" data-amp-layout=\"responsive\"\/><\/figure><\/div><\/div><div class=\"tiled-gallery__row\"><div class=\"tiled-gallery__col\" style=\"flex-basis:50.00000%\"><figure class=\"tiled-gallery__item\"><img decoding=\"async\" srcset=\"https:\/\/i0.wp.com\/fabianvinke.com\/wp-content\/uploads\/2024\/05\/Image3_000-Gross-1024x576.png?strip=info&#038;w=600&#038;ssl=1 600w,https:\/\/i0.wp.com\/fabianvinke.com\/wp-content\/uploads\/2024\/05\/Image3_000-Gross-1024x576.png?strip=info&#038;w=900&#038;ssl=1 900w,https:\/\/i0.wp.com\/fabianvinke.com\/wp-content\/uploads\/2024\/05\/Image3_000-Gross-1024x576.png?strip=info&#038;w=1024&#038;ssl=1 1024w\" alt=\"\" data-height=\"1080\" data-id=\"344\" data-link=\"https:\/\/fabianvinke.com\/architektur\/333-2\/image3_000-gross\/\" data-url=\"https:\/\/fabianvinke.com\/architektur\/wp-content\/uploads\/2024\/05\/Image3_000-Gross-1024x576.png\" data-width=\"1920\" src=\"https:\/\/i0.wp.com\/fabianvinke.com\/wp-content\/uploads\/2024\/05\/Image3_000-Gross-1024x576.png?ssl=1\" data-amp-layout=\"responsive\"\/><\/figure><\/div><div class=\"tiled-gallery__col\" style=\"flex-basis:50.00000%\"><figure class=\"tiled-gallery__item\"><img decoding=\"async\" srcset=\"https:\/\/i0.wp.com\/fabianvinke.com\/wp-content\/uploads\/2024\/05\/Image3_001-Gross-1024x576.png?strip=info&#038;w=600&#038;ssl=1 600w,https:\/\/i0.wp.com\/fabianvinke.com\/wp-content\/uploads\/2024\/05\/Image3_001-Gross-1024x576.png?strip=info&#038;w=900&#038;ssl=1 900w,https:\/\/i0.wp.com\/fabianvinke.com\/wp-content\/uploads\/2024\/05\/Image3_001-Gross-1024x576.png?strip=info&#038;w=1024&#038;ssl=1 1024w\" alt=\"\" data-height=\"1080\" data-id=\"345\" data-link=\"https:\/\/fabianvinke.com\/architektur\/333-2\/image3_001-gross\/\" data-url=\"https:\/\/fabianvinke.com\/architektur\/wp-content\/uploads\/2024\/05\/Image3_001-Gross-1024x576.png\" data-width=\"1920\" src=\"https:\/\/i0.wp.com\/fabianvinke.com\/wp-content\/uploads\/2024\/05\/Image3_001-Gross-1024x576.png?ssl=1\" data-amp-layout=\"responsive\"\/><\/figure><\/div><\/div><div class=\"tiled-gallery__row\"><div class=\"tiled-gallery__col\" style=\"flex-basis:50.00000%\"><figure class=\"tiled-gallery__item\"><img decoding=\"async\" srcset=\"https:\/\/i1.wp.com\/fabianvinke.com\/wp-content\/uploads\/2024\/05\/seitenprofil-Gross-1024x576.png?strip=info&#038;w=600&#038;ssl=1 600w,https:\/\/i1.wp.com\/fabianvinke.com\/wp-content\/uploads\/2024\/05\/seitenprofil-Gross-1024x576.png?strip=info&#038;w=900&#038;ssl=1 900w,https:\/\/i1.wp.com\/fabianvinke.com\/wp-content\/uploads\/2024\/05\/seitenprofil-Gross-1024x576.png?strip=info&#038;w=1024&#038;ssl=1 1024w\" alt=\"\" data-height=\"1080\" data-id=\"346\" data-link=\"https:\/\/fabianvinke.com\/architektur\/333-2\/seitenprofil-gross\/\" data-url=\"https:\/\/fabianvinke.com\/architektur\/wp-content\/uploads\/2024\/05\/seitenprofil-Gross-1024x576.png\" data-width=\"1920\" src=\"https:\/\/i1.wp.com\/fabianvinke.com\/wp-content\/uploads\/2024\/05\/seitenprofil-Gross-1024x576.png?ssl=1\" data-amp-layout=\"responsive\"\/><\/figure><\/div><div class=\"tiled-gallery__col\" style=\"flex-basis:50.00000%\"><figure class=\"tiled-gallery__item\"><img decoding=\"async\" srcset=\"https:\/\/i0.wp.com\/fabianvinke.com\/wp-content\/uploads\/2024\/05\/Image3_002-Gross-1024x576.png?strip=info&#038;w=600&#038;ssl=1 600w,https:\/\/i0.wp.com\/fabianvinke.com\/wp-content\/uploads\/2024\/05\/Image3_002-Gross-1024x576.png?strip=info&#038;w=900&#038;ssl=1 900w,https:\/\/i0.wp.com\/fabianvinke.com\/wp-content\/uploads\/2024\/05\/Image3_002-Gross-1024x576.png?strip=info&#038;w=1024&#038;ssl=1 1024w\" alt=\"\" data-height=\"1080\" data-id=\"347\" data-link=\"https:\/\/fabianvinke.com\/architektur\/333-2\/image3_002-gross\/\" data-url=\"https:\/\/fabianvinke.com\/architektur\/wp-content\/uploads\/2024\/05\/Image3_002-Gross-1024x576.png\" data-width=\"1920\" src=\"https:\/\/i0.wp.com\/fabianvinke.com\/wp-content\/uploads\/2024\/05\/Image3_002-Gross-1024x576.png?ssl=1\" data-amp-layout=\"responsive\"\/><\/figure><\/div><\/div><\/div><\/div><\/div>\n<\/div>\n\n\n\n<div class=\"wp-block-column is-vertically-aligned-center is-layout-flow wp-block-column-is-layout-flow\" style=\"flex-basis:33%\">\n<p class=\"has-text-color has-medium-font-size wp-block-paragraph\" style=\"color:#000000\">Nach der Ausstellung wurde der urspr\u00fcngliche Barcelona Pavillon abgerissen, jedoch aufgrund seiner historischen und kulturellen Bedeutung in den 1980er Jahren originalgetreu rekonstruiert. Die Rekonstruktion erfolgte am urspr\u00fcnglichen Standort und bem\u00fchte sich, die urspr\u00fcnglichen Materialien und Methoden so genau wie m\u00f6glich zu replizieren. Diese Wiederaufbauarbeit wurde zu einem wichtigen Beispiel daf\u00fcr, wie moderne Architektur bewahrt und f\u00fcr zuk\u00fcnftige Generationen zug\u00e4nglich gemacht werden kann. Heute dient der Pavillon als Ausstellungsraum und ist ein beliebtes Ziel f\u00fcr Architekten, Designer und Liebhaber der modernen Architektur aus der ganzen Welt.<\/p>\n\n\n\n<p class=\"has-text-color has-medium-font-size wp-block-paragraph\" style=\"color:#000000\">Der Barcelona Pavillon ist nicht nur eine touristische Attraktion, sondern auch ein symbolischer Ort, der die Prinzipien des Bauhaus-Stils und der modernen Bewegung verk\u00f6rpert. Er illustriert Mies van der Rohes ber\u00fchmten Ausspruch \u201eWeniger ist mehr\u201c durch seine minimalistische Gestaltung und seinen subtilen, aber wirkungsvollen Einsatz von Raum und Licht. <\/p>\n<\/div>\n<\/div>\n<\/div>\n<\/div>\n","protected":false},"excerpt":{"rendered":"<p>Der Barcelona Pavillon, entworfen von Ludwig Mies van der Rohe, ist ein Meisterwerk moderner Architektur und wurde urspr\u00fcnglich f\u00fcr die Internationale Ausstellung 1929 in Barcelona, Spanien, erbaut. Dieses ikonische Bauwerk diente als deutscher Pavillon f\u00fcr die Ausstellung und ist ber\u00fchmt f\u00fcr sein revolution\u00e4res Design, das die \u00c4sthetik der Moderne definierte.<\/p>\n<p>Der Pavillon ist charakterisiert durch seine klare Linienf\u00fchrung, den Einsatz von luxuri\u00f6sen Materialien wie Marmor und Onyx sowie seine offenen R\u00e4ume, die eine flie\u00dfende Interaktion zwischen Innen- und Au\u00dfenbereichen erm\u00f6glichen. Die schlichte Eleganz und die pr\u00e4zise Verarbeitung der Materialien verleihen dem Geb\u00e4ude eine zeitlose Sch\u00f6nheit.<\/p>\n","protected":false},"author":1,"featured_media":335,"comment_status":"open","ping_status":"open","sticky":false,"template":"","format":"standard","meta":{"_EventAllDay":false,"_EventTimezone":"","_EventStartDate":"","_EventEndDate":"","_EventStartDateUTC":"","_EventEndDateUTC":"","_EventShowMap":false,"_EventShowMapLink":false,"_EventURL":"","_EventCost":"","_EventCostDescription":"","_EventCurrencySymbol":"","_EventCurrencyCode":"","_EventCurrencyPosition":"","_EventDateTimeSeparator":"","_EventTimeRangeSeparator":"","_EventOrganizerID":[],"_EventVenueID":[],"_OrganizerEmail":"","_OrganizerPhone":"","_OrganizerWebsite":"","_VenueAddress":"","_VenueCity":"","_VenueCountry":"","_VenueProvince":"","_VenueState":"","_VenueZip":"","_VenuePhone":"","_VenueURL":"","_VenueStateProvince":"","_VenueLat":"","_VenueLng":"","_VenueShowMap":false,"_VenueShowMapLink":false,"_jetpack_newsletter_access":"","_jetpack_dont_email_post_to_subs":false,"_jetpack_newsletter_tier_id":0,"_jetpack_memberships_contains_paywalled_content":false,"_jetpack_feature_clip_id":0,"_jetpack_memberships_contains_paid_content":false,"footnotes":"","jetpack_post_was_ever_published":false},"categories":[9,8,10],"tags":[27,29,28],"class_list":["post-333","post","type-post","status-publish","format-standard","has-post-thumbnail","hentry","category-3d-modeling","category-architecture","category-graphic-design","tag-ansicht","tag-grundriss","tag-schnitt"],"yoast_head":"<!-- This site is optimized with the Yoast SEO plugin v28.4 - https:\/\/yoast.com\/product\/yoast-seo-wordpress\/ -->\n<title>Barcelona Pavillion - Fabian Vinke<\/title>\n<meta name=\"robots\" content=\"index, follow, max-snippet:-1, max-image-preview:large, max-video-preview:-1\" \/>\n<link rel=\"canonical\" href=\"https:\/\/fabianvinke.com\/architektur\/333-2\/\" \/>\n<meta property=\"og:locale\" content=\"de_DE\" \/>\n<meta property=\"og:type\" content=\"article\" \/>\n<meta property=\"og:title\" content=\"Barcelona Pavillion - Fabian Vinke\" \/>\n<meta property=\"og:description\" content=\"Der Barcelona Pavillon, entworfen von Ludwig Mies van der Rohe, ist ein Meisterwerk moderner Architektur und wurde urspr\u00fcnglich f\u00fcr die Internationale Ausstellung 1929 in Barcelona, Spanien, erbaut. Dieses ikonische Bauwerk diente als deutscher Pavillon f\u00fcr die Ausstellung und ist ber\u00fchmt f\u00fcr sein revolution\u00e4res Design, das die \u00c4sthetik der Moderne definierte. Der Pavillon ist charakterisiert durch seine klare Linienf\u00fchrung, den Einsatz von luxuri\u00f6sen Materialien wie Marmor und Onyx sowie seine offenen R\u00e4ume, die eine flie\u00dfende Interaktion zwischen Innen- und Au\u00dfenbereichen erm\u00f6glichen. Die schlichte Eleganz und die pr\u00e4zise Verarbeitung der Materialien verleihen dem Geb\u00e4ude eine zeitlose Sch\u00f6nheit.\" \/>\n<meta property=\"og:url\" content=\"https:\/\/fabianvinke.com\/architektur\/333-2\/\" \/>\n<meta property=\"og:site_name\" content=\"Fabian Vinke\" \/>\n<meta property=\"article:published_time\" content=\"2024-05-13T14:55:36+00:00\" \/>\n<meta property=\"article:modified_time\" content=\"2024-05-13T15:36:53+00:00\" \/>\n<meta property=\"og:image\" content=\"https:\/\/fabianvinke.com\/architektur\/wp-content\/uploads\/2024\/05\/Image2_003-1024x576.png\" \/>\n\t<meta property=\"og:image:width\" content=\"1024\" \/>\n\t<meta property=\"og:image:height\" content=\"576\" \/>\n\t<meta property=\"og:image:type\" content=\"image\/png\" \/>\n<meta name=\"author\" content=\"Fabian\" \/>\n<meta name=\"twitter:card\" content=\"summary_large_image\" \/>\n<meta name=\"twitter:label1\" content=\"Verfasst von\" \/>\n\t<meta name=\"twitter:data1\" content=\"Fabian\" \/>\n\t<meta name=\"twitter:label2\" content=\"Gesch\u00e4tzte Lesezeit\" \/>\n\t<meta name=\"twitter:data2\" content=\"4\u00a0Minuten\" \/>\n<script type=\"application\/ld+json\" class=\"yoast-schema-graph\">{\"@context\":\"https:\\\/\\\/schema.org\",\"@graph\":[{\"@type\":\"Article\",\"@id\":\"https:\\\/\\\/fabianvinke.com\\\/architektur\\\/333-2\\\/#article\",\"isPartOf\":{\"@id\":\"https:\\\/\\\/fabianvinke.com\\\/architektur\\\/333-2\\\/\"},\"author\":{\"name\":\"Fabian\",\"@id\":\"https:\\\/\\\/fabianvinke.com\\\/architektur\\\/#\\\/schema\\\/person\\\/2816b7d60577ce6d8efde484ce234610\"},\"headline\":\"Barcelona Pavillion\",\"datePublished\":\"2024-05-13T14:55:36+00:00\",\"dateModified\":\"2024-05-13T15:36:53+00:00\",\"mainEntityOfPage\":{\"@id\":\"https:\\\/\\\/fabianvinke.com\\\/architektur\\\/333-2\\\/\"},\"wordCount\":263,\"commentCount\":0,\"publisher\":{\"@id\":\"https:\\\/\\\/fabianvinke.com\\\/architektur\\\/#\\\/schema\\\/person\\\/2816b7d60577ce6d8efde484ce234610\"},\"image\":{\"@id\":\"https:\\\/\\\/fabianvinke.com\\\/architektur\\\/333-2\\\/#primaryimage\"},\"thumbnailUrl\":\"https:\\\/\\\/i0.wp.com\\\/fabianvinke.com\\\/architektur\\\/wp-content\\\/uploads\\\/2024\\\/05\\\/Image2_003.png?fit=1920%2C1080&ssl=1\",\"keywords\":[\"Ansicht\",\"Grundriss\",\"Schnitt\"],\"articleSection\":[\"3D Modeling\",\"Architecture\",\"Graphic Design\"],\"inLanguage\":\"de\",\"potentialAction\":[{\"@type\":\"CommentAction\",\"name\":\"Comment\",\"target\":[\"https:\\\/\\\/fabianvinke.com\\\/architektur\\\/333-2\\\/#respond\"]}]},{\"@type\":\"WebPage\",\"@id\":\"https:\\\/\\\/fabianvinke.com\\\/architektur\\\/333-2\\\/\",\"url\":\"https:\\\/\\\/fabianvinke.com\\\/architektur\\\/333-2\\\/\",\"name\":\"Barcelona Pavillion - Fabian Vinke\",\"isPartOf\":{\"@id\":\"https:\\\/\\\/fabianvinke.com\\\/architektur\\\/#website\"},\"primaryImageOfPage\":{\"@id\":\"https:\\\/\\\/fabianvinke.com\\\/architektur\\\/333-2\\\/#primaryimage\"},\"image\":{\"@id\":\"https:\\\/\\\/fabianvinke.com\\\/architektur\\\/333-2\\\/#primaryimage\"},\"thumbnailUrl\":\"https:\\\/\\\/i0.wp.com\\\/fabianvinke.com\\\/architektur\\\/wp-content\\\/uploads\\\/2024\\\/05\\\/Image2_003.png?fit=1920%2C1080&ssl=1\",\"datePublished\":\"2024-05-13T14:55:36+00:00\",\"dateModified\":\"2024-05-13T15:36:53+00:00\",\"breadcrumb\":{\"@id\":\"https:\\\/\\\/fabianvinke.com\\\/architektur\\\/333-2\\\/#breadcrumb\"},\"inLanguage\":\"de\",\"potentialAction\":[{\"@type\":\"ReadAction\",\"target\":[\"https:\\\/\\\/fabianvinke.com\\\/architektur\\\/333-2\\\/\"]}]},{\"@type\":\"ImageObject\",\"inLanguage\":\"de\",\"@id\":\"https:\\\/\\\/fabianvinke.com\\\/architektur\\\/333-2\\\/#primaryimage\",\"url\":\"https:\\\/\\\/i0.wp.com\\\/fabianvinke.com\\\/architektur\\\/wp-content\\\/uploads\\\/2024\\\/05\\\/Image2_003.png?fit=1920%2C1080&ssl=1\",\"contentUrl\":\"https:\\\/\\\/i0.wp.com\\\/fabianvinke.com\\\/architektur\\\/wp-content\\\/uploads\\\/2024\\\/05\\\/Image2_003.png?fit=1920%2C1080&ssl=1\",\"width\":1920,\"height\":1080},{\"@type\":\"BreadcrumbList\",\"@id\":\"https:\\\/\\\/fabianvinke.com\\\/architektur\\\/333-2\\\/#breadcrumb\",\"itemListElement\":[{\"@type\":\"ListItem\",\"position\":1,\"name\":\"Home\",\"item\":\"https:\\\/\\\/fabianvinke.com\\\/architektur\\\/\"},{\"@type\":\"ListItem\",\"position\":2,\"name\":\"Barcelona Pavillion\"}]},{\"@type\":\"WebSite\",\"@id\":\"https:\\\/\\\/fabianvinke.com\\\/architektur\\\/#website\",\"url\":\"https:\\\/\\\/fabianvinke.com\\\/architektur\\\/\",\"name\":\"Fabian Vinke\",\"description\":\"\",\"publisher\":{\"@id\":\"https:\\\/\\\/fabianvinke.com\\\/architektur\\\/#\\\/schema\\\/person\\\/2816b7d60577ce6d8efde484ce234610\"},\"potentialAction\":[{\"@type\":\"SearchAction\",\"target\":{\"@type\":\"EntryPoint\",\"urlTemplate\":\"https:\\\/\\\/fabianvinke.com\\\/architektur\\\/?s={search_term_string}\"},\"query-input\":{\"@type\":\"PropertyValueSpecification\",\"valueRequired\":true,\"valueName\":\"search_term_string\"}}],\"inLanguage\":\"de\"},{\"@type\":[\"Person\",\"Organization\"],\"@id\":\"https:\\\/\\\/fabianvinke.com\\\/architektur\\\/#\\\/schema\\\/person\\\/2816b7d60577ce6d8efde484ce234610\",\"name\":\"Fabian\",\"image\":{\"@type\":\"ImageObject\",\"inLanguage\":\"de\",\"@id\":\"https:\\\/\\\/i0.wp.com\\\/fabianvinke.com\\\/architektur\\\/wp-content\\\/uploads\\\/2024\\\/04\\\/logo_fv_gold.png?fit=2048%2C2048&ssl=1\",\"url\":\"https:\\\/\\\/i0.wp.com\\\/fabianvinke.com\\\/architektur\\\/wp-content\\\/uploads\\\/2024\\\/04\\\/logo_fv_gold.png?fit=2048%2C2048&ssl=1\",\"contentUrl\":\"https:\\\/\\\/i0.wp.com\\\/fabianvinke.com\\\/architektur\\\/wp-content\\\/uploads\\\/2024\\\/04\\\/logo_fv_gold.png?fit=2048%2C2048&ssl=1\",\"width\":2048,\"height\":2048,\"caption\":\"Fabian\"},\"logo\":{\"@id\":\"https:\\\/\\\/i0.wp.com\\\/fabianvinke.com\\\/architektur\\\/wp-content\\\/uploads\\\/2024\\\/04\\\/logo_fv_gold.png?fit=2048%2C2048&ssl=1\"},\"sameAs\":[\"https:\\\/\\\/fabianvinke.com\\\/architektur\"],\"url\":\"https:\\\/\\\/fabianvinke.com\\\/architektur\\\/author\\\/admin\\\/\"}]}<\/script>\n<!-- \/ Yoast SEO plugin. -->","yoast_head_json":{"title":"Barcelona Pavillion - Fabian Vinke","robots":{"index":"index","follow":"follow","max-snippet":"max-snippet:-1","max-image-preview":"max-image-preview:large","max-video-preview":"max-video-preview:-1"},"canonical":"https:\/\/fabianvinke.com\/architektur\/333-2\/","og_locale":"de_DE","og_type":"article","og_title":"Barcelona Pavillion - Fabian Vinke","og_description":"Der Barcelona Pavillon, entworfen von Ludwig Mies van der Rohe, ist ein Meisterwerk moderner Architektur und wurde urspr\u00fcnglich f\u00fcr die Internationale Ausstellung 1929 in Barcelona, Spanien, erbaut. Dieses ikonische Bauwerk diente als deutscher Pavillon f\u00fcr die Ausstellung und ist ber\u00fchmt f\u00fcr sein revolution\u00e4res Design, das die \u00c4sthetik der Moderne definierte. Der Pavillon ist charakterisiert durch seine klare Linienf\u00fchrung, den Einsatz von luxuri\u00f6sen Materialien wie Marmor und Onyx sowie seine offenen R\u00e4ume, die eine flie\u00dfende Interaktion zwischen Innen- und Au\u00dfenbereichen erm\u00f6glichen. Die schlichte Eleganz und die pr\u00e4zise Verarbeitung der Materialien verleihen dem Geb\u00e4ude eine zeitlose Sch\u00f6nheit.","og_url":"https:\/\/fabianvinke.com\/architektur\/333-2\/","og_site_name":"Fabian Vinke","article_published_time":"2024-05-13T14:55:36+00:00","article_modified_time":"2024-05-13T15:36:53+00:00","og_image":[{"width":1024,"height":576,"url":"https:\/\/fabianvinke.com\/architektur\/wp-content\/uploads\/2024\/05\/Image2_003-1024x576.png","type":"image\/png"}],"author":"Fabian","twitter_card":"summary_large_image","twitter_misc":{"Verfasst von":"Fabian","Gesch\u00e4tzte Lesezeit":"4\u00a0Minuten"},"schema":{"@context":"https:\/\/schema.org","@graph":[{"@type":"Article","@id":"https:\/\/fabianvinke.com\/architektur\/333-2\/#article","isPartOf":{"@id":"https:\/\/fabianvinke.com\/architektur\/333-2\/"},"author":{"name":"Fabian","@id":"https:\/\/fabianvinke.com\/architektur\/#\/schema\/person\/2816b7d60577ce6d8efde484ce234610"},"headline":"Barcelona Pavillion","datePublished":"2024-05-13T14:55:36+00:00","dateModified":"2024-05-13T15:36:53+00:00","mainEntityOfPage":{"@id":"https:\/\/fabianvinke.com\/architektur\/333-2\/"},"wordCount":263,"commentCount":0,"publisher":{"@id":"https:\/\/fabianvinke.com\/architektur\/#\/schema\/person\/2816b7d60577ce6d8efde484ce234610"},"image":{"@id":"https:\/\/fabianvinke.com\/architektur\/333-2\/#primaryimage"},"thumbnailUrl":"https:\/\/i0.wp.com\/fabianvinke.com\/architektur\/wp-content\/uploads\/2024\/05\/Image2_003.png?fit=1920%2C1080&ssl=1","keywords":["Ansicht","Grundriss","Schnitt"],"articleSection":["3D Modeling","Architecture","Graphic Design"],"inLanguage":"de","potentialAction":[{"@type":"CommentAction","name":"Comment","target":["https:\/\/fabianvinke.com\/architektur\/333-2\/#respond"]}]},{"@type":"WebPage","@id":"https:\/\/fabianvinke.com\/architektur\/333-2\/","url":"https:\/\/fabianvinke.com\/architektur\/333-2\/","name":"Barcelona Pavillion - Fabian Vinke","isPartOf":{"@id":"https:\/\/fabianvinke.com\/architektur\/#website"},"primaryImageOfPage":{"@id":"https:\/\/fabianvinke.com\/architektur\/333-2\/#primaryimage"},"image":{"@id":"https:\/\/fabianvinke.com\/architektur\/333-2\/#primaryimage"},"thumbnailUrl":"https:\/\/i0.wp.com\/fabianvinke.com\/architektur\/wp-content\/uploads\/2024\/05\/Image2_003.png?fit=1920%2C1080&ssl=1","datePublished":"2024-05-13T14:55:36+00:00","dateModified":"2024-05-13T15:36:53+00:00","breadcrumb":{"@id":"https:\/\/fabianvinke.com\/architektur\/333-2\/#breadcrumb"},"inLanguage":"de","potentialAction":[{"@type":"ReadAction","target":["https:\/\/fabianvinke.com\/architektur\/333-2\/"]}]},{"@type":"ImageObject","inLanguage":"de","@id":"https:\/\/fabianvinke.com\/architektur\/333-2\/#primaryimage","url":"https:\/\/i0.wp.com\/fabianvinke.com\/architektur\/wp-content\/uploads\/2024\/05\/Image2_003.png?fit=1920%2C1080&ssl=1","contentUrl":"https:\/\/i0.wp.com\/fabianvinke.com\/architektur\/wp-content\/uploads\/2024\/05\/Image2_003.png?fit=1920%2C1080&ssl=1","width":1920,"height":1080},{"@type":"BreadcrumbList","@id":"https:\/\/fabianvinke.com\/architektur\/333-2\/#breadcrumb","itemListElement":[{"@type":"ListItem","position":1,"name":"Home","item":"https:\/\/fabianvinke.com\/architektur\/"},{"@type":"ListItem","position":2,"name":"Barcelona Pavillion"}]},{"@type":"WebSite","@id":"https:\/\/fabianvinke.com\/architektur\/#website","url":"https:\/\/fabianvinke.com\/architektur\/","name":"Fabian Vinke","description":"","publisher":{"@id":"https:\/\/fabianvinke.com\/architektur\/#\/schema\/person\/2816b7d60577ce6d8efde484ce234610"},"potentialAction":[{"@type":"SearchAction","target":{"@type":"EntryPoint","urlTemplate":"https:\/\/fabianvinke.com\/architektur\/?s={search_term_string}"},"query-input":{"@type":"PropertyValueSpecification","valueRequired":true,"valueName":"search_term_string"}}],"inLanguage":"de"},{"@type":["Person","Organization"],"@id":"https:\/\/fabianvinke.com\/architektur\/#\/schema\/person\/2816b7d60577ce6d8efde484ce234610","name":"Fabian","image":{"@type":"ImageObject","inLanguage":"de","@id":"https:\/\/i0.wp.com\/fabianvinke.com\/architektur\/wp-content\/uploads\/2024\/04\/logo_fv_gold.png?fit=2048%2C2048&ssl=1","url":"https:\/\/i0.wp.com\/fabianvinke.com\/architektur\/wp-content\/uploads\/2024\/04\/logo_fv_gold.png?fit=2048%2C2048&ssl=1","contentUrl":"https:\/\/i0.wp.com\/fabianvinke.com\/architektur\/wp-content\/uploads\/2024\/04\/logo_fv_gold.png?fit=2048%2C2048&ssl=1","width":2048,"height":2048,"caption":"Fabian"},"logo":{"@id":"https:\/\/i0.wp.com\/fabianvinke.com\/architektur\/wp-content\/uploads\/2024\/04\/logo_fv_gold.png?fit=2048%2C2048&ssl=1"},"sameAs":["https:\/\/fabianvinke.com\/architektur"],"url":"https:\/\/fabianvinke.com\/architektur\/author\/admin\/"}]}},"jetpack_sharing_enabled":true,"jetpack_featured_media_url":"https:\/\/i0.wp.com\/fabianvinke.com\/architektur\/wp-content\/uploads\/2024\/05\/Image2_003.png?fit=1920%2C1080&ssl=1","_links":{"self":[{"href":"https:\/\/fabianvinke.com\/architektur\/wp-json\/wp\/v2\/posts\/333","targetHints":{"allow":["GET"]}}],"collection":[{"href":"https:\/\/fabianvinke.com\/architektur\/wp-json\/wp\/v2\/posts"}],"about":[{"href":"https:\/\/fabianvinke.com\/architektur\/wp-json\/wp\/v2\/types\/post"}],"author":[{"embeddable":true,"href":"https:\/\/fabianvinke.com\/architektur\/wp-json\/wp\/v2\/users\/1"}],"replies":[{"embeddable":true,"href":"https:\/\/fabianvinke.com\/architektur\/wp-json\/wp\/v2\/comments?post=333"}],"version-history":[{"count":6,"href":"https:\/\/fabianvinke.com\/architektur\/wp-json\/wp\/v2\/posts\/333\/revisions"}],"predecessor-version":[{"id":357,"href":"https:\/\/fabianvinke.com\/architektur\/wp-json\/wp\/v2\/posts\/333\/revisions\/357"}],"wp:featuredmedia":[{"embeddable":true,"href":"https:\/\/fabianvinke.com\/architektur\/wp-json\/wp\/v2\/media\/335"}],"wp:attachment":[{"href":"https:\/\/fabianvinke.com\/architektur\/wp-json\/wp\/v2\/media?parent=333"}],"wp:term":[{"taxonomy":"category","embeddable":true,"href":"https:\/\/fabianvinke.com\/architektur\/wp-json\/wp\/v2\/categories?post=333"},{"taxonomy":"post_tag","embeddable":true,"href":"https:\/\/fabianvinke.com\/architektur\/wp-json\/wp\/v2\/tags?post=333"}],"curies":[{"name":"wp","href":"https:\/\/api.w.org\/{rel}","templated":true}]}}